{"id":19389,"date":"2021-05-18T07:57:43","date_gmt":"2021-05-18T11:57:43","guid":{"rendered":"https:\/\/rvclive.wpengine.com\/blog\/rvc-demarre-avec-une-longueur-davance\/"},"modified":"2021-05-18T07:57:44","modified_gmt":"2021-05-18T11:57:44","slug":"rvc-demarre-avec-une-longueur-davance","status":"publish","type":"post","link":"https:\/\/rendezvouscanada.ca\/fr\/blog\/rvc-demarre-avec-une-longueur-davance\/","title":{"rendered":"RVC+ D\u00c9MARRE AVEC UNE LONGUEUR D\u2019AVANCE"},"content":{"rendered":"\n<p><strong>VOUS AVEZ RAT\u00c9 LA RETRANSMISSION EN DIRECT D\u2019UNE LONGUEUR D\u2019AVANCE?<\/strong>&#13;\nAucun probl\u00e8me! Vous pourrez visionner l\u2019enregistrement dans la Vitrine Canada plus tard aujourd&rsquo;hui.<\/p>\n\n<p>La toute premi\u00e8re \u00e9dition virtuelle de RVC+ a \u00e9t\u00e9 lanc\u00e9e hier avec une c\u00e9r\u00e9monie d\u2019ouverture inoubliable, anim\u00e9e par des membres de l\u2019Association touristique autochtone du Canada (ATAC).<\/p>\n\n<ul class=\"wp-block-list\"><li>L\u2019honorable M\u00e9lanie Joly, ministre du D\u00e9veloppement \u00e9conomique et des Langues officielles<\/li><li>Monique Gomel, pr\u00e9sidente par int\u00e9rim du conseil d\u2019administration de Destination Canada<\/li><li>Marsha Walden, pr\u00e9sidente-directrice g\u00e9n\u00e9rale de Destination Canada<\/li><li>Beth Potter, pr\u00e9sidente-directrice g\u00e9n\u00e9rale de l\u2019Association de l\u2019industrie touristique du Canada<\/li><li>Keith Henry, pr\u00e9sident-directeur g\u00e9n\u00e9ral de l\u2019Association touristique autochtone du Canada<\/li><\/ul>\n\n<p>Apr\u00e8s plus d\u2019une ann\u00e9e de restrictions impos\u00e9es par la COVID-19, nous sommes fins pr\u00eats pour des vacances de r\u00eave. Ainsi, Destination Canada (DC) a encourag\u00e9 les d\u00e9l\u00e9gu\u00e9s \u00e0 identifier l\u2019endroit qu\u2019ils souhaiteraient visiter en premier lorsqu\u2019il sera \u00e0 nouveau possible de voyager. Aussi, l\u2019\u00e9quipe de DC a fait part de ses plans pour la promotion touristique dans les march\u00e9s au niveau national et international, et de ses initiatives novatrices pour soutenir les \u00e9v\u00e9nements commerciaux. Les d\u00e9l\u00e9gu\u00e9s ont \u00e9galement eu droit \u00e0 un aper\u00e7u des campagnes promotionnelles \u00e0 venir. Celles-ci ont \u00e9t\u00e9 con\u00e7ues afin d\u2019inspirer les gens \u00e0 voyager au Canada une fois les restrictions lev\u00e9es.<\/p>\n\n<p><strong>UNE LONGUEUR D\u2019AVANCE PROPOSE DES VID\u00c9OS DE RENSEIGNEMENTS \u00c0 JOUR SUR LE MARCH\u00c9<\/strong>&#13;\nL\u2019\u00e9quipe de RVC+ a ajout\u00e9 des vid\u00e9os comportant des informations \u00e0 jour sur huit principaux march\u00e9s de consommation, dont les \u00c9tats-Unis, la Chine et l\u2019Australie. Ces vid\u00e9os, d\u2019une dur\u00e9e variant entre dix et trente minutes, mettent en relief ce que les voyageurs privil\u00e9gieront lorsque le Canada sera \u00e0 nouveau en mesure d\u2019accueillir des visiteurs.&#13;\n&#13;\nPour visionner ces vid\u00e9os, vous n\u2019avez qu\u2019\u00e0 passer du Lobby \u00e0 la Vitrine du Canada. Cliquez sur VIDEO SELECTION, situ\u00e9 en haut de l\u2019\u00e9cran principal, afin d\u2019acc\u00e9der aux vid\u00e9os.<\/p>\n\n<p><strong>O\u00d9 IREZ-VOUS EN PREMIER?<\/strong>&#13;\nQue vous franchissiez une distance de 2, de 200 ou de 2 000 kilom\u00e8tres, le Canada a d\u2019innombrables destinations et cultures qui n\u2019attendent que vous. C\u2019est maintenant le moment parfait pour planifier votre voyage de r\u00eave.&#13;\n&#13;\nPartagez avec tout le monde \u00e0 RVC+ o\u00f9 vous irez en premier au Canada une fois que les restrictions seront lev\u00e9es.<\/p>\n\n<p><a href=\"https:\/\/viewer.mapme.com\/canada-where-will-you-go-first\/\" rel=\"noopener\" target=\"_blank\">Cliquez ici pour entrez votre destination!<\/a><\/p>\n","protected":false},"excerpt":{"rendered":"<p>VOUS AVEZ RAT\u00c9 LA RETRANSMISSION EN DIRECT D\u2019UNE LONGUEUR D\u2019AVANCE?&#13; Aucun probl\u00e8me! Vous pourrez visionner l\u2019enregistrement dans la Vitrine Canada plus tard aujourd&rsquo;hui. La toute premi\u00e8re \u00e9dition virtuelle de RVC+ a \u00e9t\u00e9 lanc\u00e9e hier avec une c\u00e9r\u00e9monie d\u2019ouverture inoubliable, anim\u00e9e par des membres de l\u2019Association touristique autochtone du Canada (ATAC). L\u2019honorable M\u00e9lanie Joly, ministre du [&hellip;]<\/p>\n","protected":false},"author":21,"featured_media":19382,"comment_status":"closed","ping_status":"open","sticky":false,"template":"","format":"standard","meta":{"_acf_changed":false,"_exactmetrics_skip_tracking":false,"_exactmetrics_sitenote_active":false,"_exactmetrics_sitenote_note":"","_exactmetrics_sitenote_category":0,"footnotes":""},"categories":[131],"tags":[],"class_list":["post-19389","post","type-post","status-publish","format-standard","has-post-thumbnail","hentry","category-actualites-et-mises-a-jour-fr"],"acf":[],"_links":{"self":[{"href":"https:\/\/rendezvouscanada.ca\/fr\/wp-json\/wp\/v2\/posts\/19389","targetHints":{"allow":["GET"]}}],"collection":[{"href":"https:\/\/rendezvouscanada.ca\/fr\/wp-json\/wp\/v2\/posts"}],"about":[{"href":"https:\/\/rendezvouscanada.ca\/fr\/wp-json\/wp\/v2\/types\/post"}],"author":[{"embeddable":true,"href":"https:\/\/rendezvouscanada.ca\/fr\/wp-json\/wp\/v2\/users\/21"}],"replies":[{"embeddable":true,"href":"https:\/\/rendezvouscanada.ca\/fr\/wp-json\/wp\/v2\/comments?post=19389"}],"version-history":[{"count":0,"href":"https:\/\/rendezvouscanada.ca\/fr\/wp-json\/wp\/v2\/posts\/19389\/revisions"}],"wp:featuredmedia":[{"embeddable":true,"href":"https:\/\/rendezvouscanada.ca\/fr\/wp-json\/wp\/v2\/media\/19382"}],"wp:attachment":[{"href":"https:\/\/rendezvouscanada.ca\/fr\/wp-json\/wp\/v2\/media?parent=19389"}],"wp:term":[{"taxonomy":"category","embeddable":true,"href":"https:\/\/rendezvouscanada.ca\/fr\/wp-json\/wp\/v2\/categories?post=19389"},{"taxonomy":"post_tag","embeddable":true,"href":"https:\/\/rendezvouscanada.ca\/fr\/wp-json\/wp\/v2\/tags?post=19389"}],"curies":[{"name":"wp","href":"https:\/\/api.w.org\/{rel}","templated":true}]}}